{"provider_url": "https://www.marilandiadosul.pr.leg.br", "title": "Carta de Servi\u00e7os", "html": "<p><meta content=\"text/html; charset=utf-8\" http-equiv=\"Content-Type\" />\r\n<title>&lt;img id=\"__mce_tmp\" /&gt;&lt;span id=\"mce_marker\" data-mce-type=\"bookmark\"&gt;&lt;/span&gt;&lt;span id=\"__caret\"&gt;_&lt;/span&gt;EXCELENT\u00cdSSIMO SENHOR</title>\r\n<meta content=\"CAMARA MUN. DE MARIL\u00c2NDIA DO SUL\" name=\"author\" /></p>\r\n<p style=\"text-align: left; \">\u00a0</p>\r\n<h1 style=\"text-align: center; \">Carta de servi\u00e7os aos usu\u00e1rios</h1>\r\n<p style=\"text-align: left; \">\u00a0</p>\r\n<h2 style=\"padding-left: 5pt; text-align: left; \">Objetivos e miss\u00f5es</h2>\r\n<p style=\"text-align: left; \">\u00a0</p>\r\n<p class=\"s1\" style=\"padding-left: 5pt; text-align: justify; \">Com o objetivo de aprimorar a comunica\u00e7\u00e3o e transpar\u00eancia entre a C\u00e2mara de Vereadores e a popula\u00e7\u00e3o, bem como oportunizar que todos os cidad\u00e3os tenham acesso \u00e0s informa\u00e7\u00f5es importantes relacionadas ao poder Legislativo Municipal, elaborou se a presente Carta de Servi\u00e7os ao Usu\u00e1rio:</p>\r\n<p style=\"text-align: left; \">\u00a0</p>\r\n<ul id=\"l1\">\r\n<li data-list-text=\"-\">\r\n<p style=\"padding-left: 12pt; text-align: justify; \">A c\u00e2mara de vereadores de Maril\u00e2ndia do Sul - PR \u00e9 composta por nove vereadores.</p>\r\n<p style=\"text-align: left; \">\u00a0</p>\r\n</li>\r\n<li data-list-text=\"-\">\r\n<p style=\"padding-left: 12pt; text-align: justify; \">A posse dos eleitos ocorre no dia primeiro de janeiro do ano seguinte \u00e0s elei\u00e7\u00f5es.</p>\r\n<p style=\"text-align: left; \">\u00a0</p>\r\n</li>\r\n<li data-list-text=\"-\">\r\n<p style=\"padding-left: 5pt; text-align: justify; \">A mesa diretora \u00e9 composta pelo presidente, vice-presidente, primeiro secret\u00e1rio e segundo secret\u00e1rio.</p>\r\n<p style=\"text-align: left; \">\u00a0</p>\r\n</li>\r\n<li data-list-text=\"-\">\r\n<p style=\"padding-left: 5pt; text-align: justify; \">O mandato da mesa diretora \u00e9 fixado em dois anos, sendo proibido a recondu\u00e7\u00e3o dos membros para os mesmos cargos respectivos.</p>\r\n</li>\r\n</ul>\r\n<p style=\"text-align: left; \">\u00a0</p>\r\n<h2 style=\"padding-left: 5pt; text-align: justify; \">Sobre a C\u00e2mara Municipal</h2>\r\n<p style=\"text-align: left; \">\u00a0</p>\r\n<p class=\"s3\" style=\"padding-left: 5pt; text-align: justify; \">Acessando o site da c\u00e2mara municipal atrav\u00e9s do link <a title=\"\" href=\"https://www.marilandiadosul.pr.leg.br/\" class=\"external-link\" target=\"_self\">https://www.marilandiadosul.pr.leg.br/</a> voc\u00ea pode estar acompanhando todas tramita\u00e7\u00f5es dos projetos de leis, requerimentos e demais documentos relacionados ao processo legislativo, tudo isso em tempo real. Para saber mais sobre as receitas e despesas bem como a remunera\u00e7\u00e3o dos servidores e vereadores basta estar acessando o link do portal de transpar\u00eancia <a class=\"external-link\" href=\"https://transparencia.betha.cloud/#/2wvY5r9w7G4fsbrWqAguPg==/consultas/17017\" target=\"_self\" title=\"\">https://transparencia.betha.cloud/#/2wvY5r9w7G4fsbrWqAguPg==/consultas/17017</a></p>\r\n<p style=\"text-align: left; \">\u00a0</p>\r\n<h2 style=\"padding-left: 5pt; text-align: left; \">Atendimento ao publico</h2>\r\n<p style=\"text-align: left; \">\u00a0</p>\r\n<p style=\"padding-left: 5pt; text-align: left; \">C\u00e2mara Municipal de Maril\u00e2ndia do Sul</p>\r\n<p style=\"padding-left: 5pt; text-align: left; \">Respons\u00e1vel: Francine Kaplum - Ouvidoria (Controle Interno) Endere\u00e7o: Rua Silvio Beligni, 210</p>\r\n<p style=\"padding-left: 5pt; text-align: left; \">Bairro: Centro, CEP: 86825-000</p>\r\n<p style=\"padding-left: 5pt; text-align: left; \">E-mail: <a class=\"email-link\" href=\"mailto:ouvidoria@marilandiadosul.pr.leg.br\" target=\"_self\" title=\"\">ouvidoria@marilandiadosul.pr.leg.br</a> Telefone: (43) 3428-6008 e (43) 3428-1260</p>\r\n<p style=\"padding-left: 5pt; text-align: left; \"><a class=\"s4\" href=\"http://www.marilandiadosul.pr.leg.br/\" target=\"_blank\">Site: https://www.marilandiadosul.pr.leg.br/</a></p>\r\n<p style=\"padding-left: 5pt; text-align: left; \">Hor\u00e1rio de atendimento: Atendimento ao p\u00fablico: segunda a sexta-feira, das 8 \u00e0s 17h.</p>\r\n<p style=\"text-align: left; \">\u00a0</p>\r\n<h2 style=\"padding-left: 5pt; text-align: left; \">TV Legislativo</h2>\r\n<p style=\"text-align: left; \">\u00a0</p>\r\n<p style=\"padding-left: 5pt; text-align: justify; \">Para voc\u00ea que n\u00e3o pode estar acompanhando de maneira presencial as sess\u00f5es ordin\u00e1rias e extraordin\u00e1rias da C\u00e2mara Municipal de Maril\u00e2ndia do Sul, basta estar acesso os links abaixo e estar acompanhando tanto em tempo real quanto as sess\u00f5es j\u00e1 realizadas que ficam dispon\u00edveis para acesso futuro.</p>\r\n<p style=\"text-align: left; \">\u00a0</p>\r\n<p class=\"s3\" style=\"padding-left: 5pt; text-align: left; \">Youtube: <span><a class=\"external-link\" href=\"https://www.youtube.com/@camaramunicipaldemarilandi8290\" target=\"_self\" title=\"\">https://www.youtube.com/@camaramunicipaldemarilandi8290</a></span> Facebook: <a class=\"external-link\" href=\"https://www.facebook.com/cmmsmarilandia\" target=\"_self\" title=\"\">https://www.facebook.com/cmmsmarilandia</a></p>\r\n<p style=\"text-align: left; \">\u00a0</p>\r\n<h2 style=\"padding-left: 5pt; text-align: left; \">Vereadores em exerc\u00edcio Gest\u00e3o 2025/2028</h2>\r\n<p style=\"text-align: left; \">\u00a0</p>\r\n<table>\r\n<tbody>\r\n<tr>\r\n<td><a title=\"\" href=\"https://www.marilandiadosul.pr.leg.br/processo-legislativo/parlamentares-1\" class=\"external-link\" target=\"_self\"><img src=\"https://www.marilandiadosul.pr.leg.br/arquivos-diversos/vereasdores_20252028.png/@@images/3ac1fd93-9d02-4253-998f-16bf7ef603c4.png\" alt=\"Vereadores 2025-2028\" class=\"image-inline\" title=\"Vereadores 2025-2028\" /></a></td>\r\n</tr>\r\n<tr>\r\n<td></td>\r\n</tr>\r\n</tbody>\r\n</table>\r\n<p style=\"text-align: left; \">\u00a0</p>\r\n<p style=\"padding-left: 5pt; text-align: left; \">\u00a0</p>\r\n<p style=\"text-align: left; \">\u00a0</p>\r\n<h2 style=\"padding-left: 5pt; text-align: left; \">Mesa diretora \u2013 Bi\u00eanio 2025/2026</h2>\r\n<p style=\"text-align: left; \">\u00a0</p>\r\n<p><a title=\"\" href=\"https://www.marilandiadosul.pr.leg.br/processo-legislativo/mesa-diretora-1\" class=\"external-link\" target=\"_self\"><img src=\"https://www.marilandiadosul.pr.leg.br/arquivos-diversos/Mesa_20252028.png/@@images/8f46791a-8624-4f8f-b50d-30223b1c3c44.png\" alt=\"Mesa 2025-2028\" class=\"image-inline\" title=\"Mesa 2025-2028\" /></a></p>\r\n<p style=\"text-align: left; \">\u00a0</p>", "author_name": "", "version": "1.0", "author_url": "https://www.marilandiadosul.pr.leg.br/author/mrl", "provider_name": "C\u00e2mara Municipal", "type": "rich"}