{"provider_url": "https://www.marilandiadosul.pr.leg.br", "title": "Hist\u00f3ria", "html": "<p style=\"text-align: justify; \"><span>Os primeiros pioneiros chegaram em meados de 1928, uns tinham t\u00edtulo de doa\u00e7\u00e3o de terra, outros a compararam do Governo. Vinham das mais variadas regi\u00f5es do Pa\u00eds, entre eles encontramos Ferdinando Bonete, Jos\u00e9 L\u00e1bios dos Santos e Santiago Lopes Jos\u00e9 um l\u00edder religioso que criou mais tarde ao seu redor o primeiro N\u00facleo de Maril\u00e2ndia, formando a Rua Alegria, onde hoje est\u00e1 localizada a Igrejinha da Fam\u00edlia Santiago.\u00a0Este muito devoto de Nossa Senhora queria que a cidade tivesse o nome de Terra de Maria, ent\u00e3o o agrimensor que veio demarcar a \u00e1rea, e que era da companhia de terras Norte do Paran\u00e1, sugeriu que fosse chamada de Maril\u00e2ndia, que em Ingl\u00eas \u201cMary-land\u201d que significa Terra de Maria. Em 1935 com seu crescimento acentuado foi elevado a categoria de Vila, quando foi instalada a primeira mesa receptora, uma se\u00e7\u00e3o eleitoral. A regi\u00e3o que constitui o munic\u00edpio foi desbravada por pioneiros vindos de diversas regi\u00f5es do Estado e do Pa\u00eds, principalmente de Minas Gerais e S\u00e3o Paulo. Tudo era sert\u00e3o. Ap\u00f3s a derrubada das matas esses pioneiros faziam ro\u00e7as de milho e a engorda de su\u00ednos. No dia 20 de outubro de 1938, atrav\u00e9s da Lei n\u00ba 7.573, Maril\u00e2ndia foi elevada a categoria de Distrito Judici\u00e1rio, agora com o nome de Araruva, isto porque, havia grande quantidade de madeira na regi\u00e3o com este nome, na qual servia para fazer cabo de martelo, machado, enxada, etc. A instala\u00e7\u00e3o se deu somente no dia 01 de janeiro de 1939. Em 14 de dezembro de 1951, atrav\u00e9s da Lei n\u00ba 790, foi criado o Munic\u00edpio de Araruva, desmembrando-se do Munic\u00edpio de Apucarana, no dia 09 de novembro de 1952, foi realizada a primeira elei\u00e7\u00e3o para a escolha de seu primeiro prefeito, na qual foi eleito o Sr. Manoel Oleg\u00e1rio de Proen\u00e7a, no dia 14 de dezembro de 1952, foi instalado o Munic\u00edpio definitivamente. Araruva foi elevada a categoria de Comarca atrav\u00e9s da Lei n\u00ba 1.542 de 14 de dezembro de 1953 e a Comarca foi instalada no dia 09 de junho de 1954. Em 01 de junho de 1967 atrav\u00e9s da Lei n\u00ba 5.561, Araruva teve sua denomina\u00e7\u00e3o definitivamente mudada para Maril\u00e2ndia do Sul, por causa de grandes transtornos causados pelas ag\u00eancias dos correios na emiss\u00e3o de correspond\u00eancia, devido \u00e0 exist\u00eancia de uma cidade do Paran\u00e1 de nome Araruna. O nome Maril\u00e2ndia foi acrescido da palavra \u201cdo Sul\u201d por j\u00e1 existir uma cidade no Estado do Esp\u00edrito Santo com o nome de Maril\u00e2ndia.</span><br /><br /><span>O Munic\u00edpio de Maril\u00e2ndia do Sul \u00e9 cortado pela BR-376 que faz parte do Anel de Integra\u00e7\u00e3o, localizando-se na regi\u00e3o central do Estado do Paran\u00e1. Situa-se no terceiro Planalto, pertencendo a meso regi\u00e3o s\u00f3cio-econ\u00f4mico de Apucarana. Possui uma \u00e1rea territorial de 382 Km\u00b2. O relevo \u00e9 caracterizado por topografia suave ondulado a fortemente ondulado. O clima \u00e9 subtropical \u00famido tendendo ao clima temperado, com ver\u00f5es amenos, com alta freq\u00fc\u00eancia de geadas em alguns bairros, com concentra\u00e7\u00e3o de chuvas nos meses de ver\u00e3o, sem esta\u00e7\u00e3o seca definidas. A m\u00e9dia das temperaturas \u00e9 em torno de 25\u00baC no ver\u00e3o e no inverno \u00e9 inferior a 15\u00baC.</span><br /><br /><span>A altitude est\u00e1 em torno de 800m acima do n\u00edvel do mar e a \u00e1rea tem representantes dos tipos florestais: Florestas subtropicais, composta por \u00e1rvores nativas diversas.</span><br /><br /><span>Seus tipos de Solo s\u00e3o: Terra-roxa estruturada distr\u00f3fica e lato solo roxo distr\u00f3fico e uma pequena parte da \u00e1rea \u00e9 de Terra-roxa estruturada eutr\u00f3fica. Cidade Altaneira em hortali\u00e7as no Paran\u00e1.</span><br /><br /><span>Seu povo \u00e9 formado de migrantes de diversas regi\u00f5es do Estado e do Pa\u00eds, principalmente de Minas Gerais e S\u00e3o Paulo, preservando muito de suas ra\u00edzes at\u00e9 o dia de hoje.</span></p>", "author_name": "Interlegis", "version": "1.0", "author_url": "https://www.marilandiadosul.pr.leg.br/author/Interlegis", "provider_name": "C\u00e2mara Municipal", "type": "rich"}