{"provider_url": "https://www.marilandiadosul.pr.leg.br", "title": "Padre Natal\u00edcio recebe T\u00edtulo de Cidad\u00e3o Honor\u00e1rio", "html": "<p style=\"text-align: justify; \">Com a presen\u00e7a do Prefeito Municipal e demais autoridades, amigos e familiares, a C\u00e2mara Municipal de Maril\u00e2ndia do Sul entregou em sess\u00e3o solene realizada neste domingo, 22 de mar\u00e7o, o T\u00edtulo de Cidad\u00e3o Honor\u00e1rio do munic\u00edpio de Maril\u00e2ndia do Sul ao Padre Jos\u00e9 Natal\u00edcio da Silva, ou simplesmente Padre Natal\u00edcio como \u00e9 conhecido.</p>\r\n<p style=\"text-align: justify; \">Este t\u00edtulo visa homenagear o Padre pelos relevantes servi\u00e7os prestados ao mun\u00edcipio de Maril\u00e2ndia do Sul no per\u00edodo em que estava sendo p\u00e1roco na Par\u00f3quia Nossa Senhora das Dores na cidade, onde al\u00e9m de realizar com excel\u00eancia seu trabalho mission\u00e1rio, iniciou juntamente com o (CEPRHIMS) Centro de Promo\u00e7\u00e3o Integral de Maril\u00e2ndia do Sul, uma luta para reativa\u00e7\u00e3o da r\u00e1dio comunit\u00e1ria local. Depois de muitas dificuldades a r\u00e1dio foi reaberta em 2010 com o nome de R\u00e1dio Estrela da Manh\u00e3.</p>\r\n<p style=\"text-align: justify; \">O presidente e autor da Mo\u00e7\u00e3o, Vin\u00edcius Jos\u00e9 da Costa, disse que hoje a festa \u00e9 do Padre Natal\u00edcio. \u201cEu quero deixar esse reconhecimento n\u00e3o do Vin\u00edcius, n\u00e3o dos Vereadores, n\u00e3o do Prefeito, mas de Maril\u00e2ndia do Sul\u201d. Lembrou tamb\u00e9m das festas promovidas pela par\u00f3quia que movimentaram a cidade, al\u00e9m da parte financeira resgatada pelo Padre, a reforma e amplia\u00e7\u00e3o do sal\u00e3o paroquial e demais relevantes servi\u00e7os prestados ao munic\u00edpio.</p>\r\n<p style=\"text-align: justify; \">Tamb\u00e9m fizeram o uso da palavra em homenagem ao Padre Jos\u00e9 Natal\u00edcio os Vereadores Jean Carlos Momente Bueno, Ezequiel Rodrigues da Silva e Alfo Dias de Souza. Prestou homenagem ao Padre Natal\u00edcio o Prefeito municipal Pedro S\u00e9rgio Mileski.</p>\r\n<p style=\"text-align: justify; \">O homenageado Padre Jos\u00e9 Natal\u00edcio agradeceu a presen\u00e7a de sua M\u00e3e, Maria de Lourdes da Silva, e de todos os presentes. Disse que foi uma surpresa quando o avisaram que receberia esse t\u00edtulo. \u201cPrimeiro porque me sinto da casa, me sinto irm\u00e3o de voc\u00eas. \u00c9 um tipo de homenagem especial. Por outro lado eu recebo o t\u00edtulo por um trabalho que fiz com nenhuma outra inten\u00e7\u00e3o a n\u00e3o ser louvar a Deus.\u201d Disse tamb\u00e9m que todo o trabalho que fez foi com ajuda de muitas pessoas. Quando h\u00e1 sucesso no trabalho \u00e9 porque tem m\u00e3os ajudando, tem pessoas ajudando. Agradeceu e ofereceu a Deus a homenagem dizendo que rezaria uma missa logo em seguida em a\u00e7\u00e3o de gra\u00e7as, convidando todos os presentes para participarem da celebra\u00e7\u00e3o na Par\u00f3quia Nossa Senhora das Dores.</p>", "author_name": "Interlegis", "version": "1.0", "author_url": "https://www.marilandiadosul.pr.leg.br/author/Interlegis", "provider_name": "C\u00e2mara Municipal", "type": "rich"}